{"id":831,"date":"2026-08-30T10:21:49","date_gmt":"2026-08-30T10:21:49","guid":{"rendered":"https:\/\/terradetodos.pt\/?p=831"},"modified":"2026-08-30T10:23:20","modified_gmt":"2026-08-30T10:23:20","slug":"dialogo-inter-religioso-e-intercultural","status":"publish","type":"post","link":"https:\/\/terradetodos.pt\/?p=831","title":{"rendered":"Di\u00e1logo Inter-religioso e Intercultural"},"content":{"rendered":"\n<h1 class=\"wp-block-heading\">Sess\u00e3o de Di\u00e1logo Inter-religioso e Intercultural realiza-se em Viana do Castelo<\/h1>\n\n\n\n<p class=\"wp-block-paragraph\">O&nbsp;<strong>Gabinete de Apoio ao Migrante da C\u00e2mara Municipal de Viana do Castelo<\/strong>&nbsp;promove, no pr\u00f3ximo dia&nbsp;<strong>5 de setembro<\/strong>, a&nbsp;<strong>Sess\u00e3o de Di\u00e1logo Inter-religioso e Intercultural<\/strong>, uma iniciativa dedicada \u00e0 promo\u00e7\u00e3o do di\u00e1logo, da compreens\u00e3o e do respeito pela diversidade cultural e religiosa.<\/p>\n\n\n\n<p class=\"wp-block-paragraph\">A sess\u00e3o decorrer\u00e1 entre as&nbsp;<strong>10h00 e as 12h00<\/strong>, na&nbsp;<strong>Biblioteca Municipal de Viana do Castelo<\/strong>, e reunir\u00e1 representantes das comunidades&nbsp;<strong>Cat\u00f3lica e Isl\u00e2mica<\/strong>, proporcionando um espa\u00e7o de partilha, reflex\u00e3o e di\u00e1logo sobre diferentes experi\u00eancias culturais e religiosas.<\/p>\n\n\n\n<p class=\"wp-block-paragraph\">A conversa ser\u00e1 moderada por um&nbsp;<strong>antrop\u00f3logo<\/strong>, permitindo abordar quest\u00f5es relacionadas com a diversidade, a conviv\u00eancia intercultural, o respeito m\u00fatuo e a constru\u00e7\u00e3o de uma sociedade mais inclusiva.<\/p>\n\n\n\n<p class=\"wp-block-paragraph\">Esta iniciativa pretende contribuir para o&nbsp;<strong>di\u00e1logo entre diferentes comunidades<\/strong>, valorizando a diversidade cultural e religiosa enquanto elemento fundamental para uma sociedade mais aberta, inclusiva e participativa.<\/p>\n\n\n\n<h3 class=\"wp-block-heading\">Data : <strong>5 de setembro<\/strong><\/h3>\n\n\n\n<h3 class=\"wp-block-heading\"><img decoding=\"async\" src=\"https:\/\/fonts.gstatic.com\/s\/e\/notoemoji\/17.0\/1f559\/72.png\" alt=\"\ud83d\udd59\">\u00a0Hor\u00e1rio : <strong>10h00 \u2013 12h00<\/strong><\/h3>\n\n\n\n<h3 class=\"wp-block-heading\"><img decoding=\"async\" src=\"https:\/\/fonts.gstatic.com\/s\/e\/notoemoji\/17.0\/1f4cd\/72.png\" alt=\"\ud83d\udccd\">\u00a0Local : <strong>Biblioteca Municipal de Viana do Castelo<\/strong><\/h3>\n\n\n\n<h3 class=\"wp-block-heading\"><img decoding=\"async\" src=\"https:\/\/fonts.gstatic.com\/s\/e\/notoemoji\/17.0\/1f39f_fe0f\/72.png\" alt=\"\ud83c\udf9f\ufe0f\">\u00a0Participa\u00e7\u00e3o : <strong>Gratuita, mediante inscri\u00e7\u00e3o<\/strong><\/h3>\n\n\n\n<p class=\"wp-block-paragraph\">As pessoas interessadas em participar dever\u00e3o realizar a sua inscri\u00e7\u00e3o atrav\u00e9s do email:<\/p>\n\n\n\n<p class=\"wp-block-paragraph\"><a href=\"mailto:gabmigrantes@cm-viana-castelo.pt\" target=\"_blank\" rel=\"noreferrer noopener\"><strong>gabmigrantes@cm-viana-castelo.pt<\/strong><\/a><\/p>\n\n\n\n<p class=\"wp-block-paragraph\">A&nbsp;<strong>Associa\u00e7\u00e3o Terra de Todos<\/strong>&nbsp;associa-se \u00e0 divulga\u00e7\u00e3o desta iniciativa, convidando os seus s\u00f3cios, a comunidade migrante e todos os interessados a participar neste momento de di\u00e1logo e partilha sobre&nbsp;<strong>diversidade cultural, religiosa e interculturalidade<\/strong>.<\/p>\n\n\n\n<figure class=\"wp-block-image size-large\"><img loading=\"lazy\" decoding=\"async\" width=\"724\" height=\"1024\" src=\"https:\/\/terradetodos.pt\/wp-content\/uploads\/2026\/08\/Cartaz_-05-setembro-2026-724x1024.jpg\" alt=\"\" class=\"wp-image-832\" srcset=\"https:\/\/terradetodos.pt\/wp-content\/uploads\/2026\/08\/Cartaz_-05-setembro-2026-724x1024.jpg 724w, https:\/\/terradetodos.pt\/wp-content\/uploads\/2026\/08\/Cartaz_-05-setembro-2026-212x300.jpg 212w, https:\/\/terradetodos.pt\/wp-content\/uploads\/2026\/08\/Cartaz_-05-setembro-2026-768x1086.jpg 768w, https:\/\/terradetodos.pt\/wp-content\/uploads\/2026\/08\/Cartaz_-05-setembro-2026-1086x1536.jpg 1086w, https:\/\/terradetodos.pt\/wp-content\/uploads\/2026\/08\/Cartaz_-05-setembro-2026-1448x2048.jpg 1448w, https:\/\/terradetodos.pt\/wp-content\/uploads\/2026\/08\/Cartaz_-05-setembro-2026-8x12.jpg 8w, https:\/\/terradetodos.pt\/wp-content\/uploads\/2026\/08\/Cartaz_-05-setembro-2026.jpg 1654w\" sizes=\"auto, (max-width: 724px) 100vw, 724px\" \/><\/figure>\n","protected":false},"excerpt":{"rendered":"<p>Sess\u00e3o de Di\u00e1logo Inter-religioso e Intercultural realiza-se em Viana do Castelo O&nbsp;Gabinete de Apoio ao Migrante da C\u00e2mara Municipal de Viana do Castelo&nbsp;promove, no pr\u00f3ximo [&#8230;]<\/p>\n","protected":false},"author":2,"featured_media":832,"comment_status":"open","ping_status":"open","sticky":false,"template":"","format":"standard","meta":{"sfsi_plus_gutenberg_text_before_share":"","sfsi_plus_gutenberg_show_text_before_share":"","sfsi_plus_gutenberg_icon_type":"","sfsi_plus_gutenberg_icon_alignemt":"","sfsi_plus_gutenburg_max_per_row":"","footnotes":""},"categories":[7],"tags":[],"class_list":["post-831","post","type-post","status-publish","format-standard","has-post-thumbnail","hentry","category-acoes-sociais"],"_links":{"self":[{"href":"https:\/\/terradetodos.pt\/index.php?rest_route=\/wp\/v2\/posts\/831","targetHints":{"allow":["GET"]}}],"collection":[{"href":"https:\/\/terradetodos.pt\/index.php?rest_route=\/wp\/v2\/posts"}],"about":[{"href":"https:\/\/terradetodos.pt\/index.php?rest_route=\/wp\/v2\/types\/post"}],"author":[{"embeddable":true,"href":"https:\/\/terradetodos.pt\/index.php?rest_route=\/wp\/v2\/users\/2"}],"replies":[{"embeddable":true,"href":"https:\/\/terradetodos.pt\/index.php?rest_route=%2Fwp%2Fv2%2Fcomments&post=831"}],"version-history":[{"count":2,"href":"https:\/\/terradetodos.pt\/index.php?rest_route=\/wp\/v2\/posts\/831\/revisions"}],"predecessor-version":[{"id":835,"href":"https:\/\/terradetodos.pt\/index.php?rest_route=\/wp\/v2\/posts\/831\/revisions\/835"}],"wp:featuredmedia":[{"embeddable":true,"href":"https:\/\/terradetodos.pt\/index.php?rest_route=\/wp\/v2\/media\/832"}],"wp:attachment":[{"href":"https:\/\/terradetodos.pt\/index.php?rest_route=%2Fwp%2Fv2%2Fmedia&parent=831"}],"wp:term":[{"taxonomy":"category","embeddable":true,"href":"https:\/\/terradetodos.pt\/index.php?rest_route=%2Fwp%2Fv2%2Fcategories&post=831"},{"taxonomy":"post_tag","embeddable":true,"href":"https:\/\/terradetodos.pt\/index.php?rest_route=%2Fwp%2Fv2%2Ftags&post=831"}],"curies":[{"name":"wp","href":"https:\/\/api.w.org\/{rel}","templated":true}]}}